{"id":5158,"date":"2020-09-07T20:16:59","date_gmt":"2020-09-07T17:16:59","guid":{"rendered":"http:\/\/scmrmvalcea.ro\/scm\/?p=5158"},"modified":"2020-09-09T12:17:13","modified_gmt":"2020-09-09T09:17:13","slug":"comunicat-premierea-campioanelor","status":"publish","type":"post","link":"http:\/\/scmrmvalcea.ro\/scm\/2020\/09\/07\/comunicat-premierea-campioanelor\/","title":{"rendered":"COMUNICAT : Premierea campioanelor"},"content":{"rendered":"<div dir=\"auto\">Miercuri, 9 septembrie, la ora 20.00, la Arenele Traian, primarul Municipiului R\u00e2mnicu V\u00e2lcea, MIRCIA GUT\u0102U premiaz\u0103 echipa SCM R\u00c2MNICU V\u00c2LCEA pentru performan\u021ba ob\u021binut\u0103 ieri, prin c\u00e2\u0219tigarea celor dou\u0103 trofee, CUPA ROM\u00c2NIEI 2019-2020 \u0219i SUPERCUPA ROM\u00c2NIEI.<\/div>\n<div dir=\"auto\">V\u0103 asteptam \u00een numar c\u00e2t mai mare miercuri, la Arenele Traian, pentru a fi al\u0103turi de campioanele noastre!<\/div>\n<div dir=\"auto\"><\/div>\n<div dir=\"auto\"><img loading=\"lazy\" decoding=\"async\" class=\"alignnone size-full wp-image-5159\" src=\"http:\/\/scmrmvalcea.ro\/scm\/wp-content\/uploads\/2020\/09\/mirciagutau.jpg\" alt=\"\" width=\"498\" height=\"497\" srcset=\"http:\/\/scmrmvalcea.ro\/scm\/wp-content\/uploads\/2020\/09\/mirciagutau.jpg 498w, http:\/\/scmrmvalcea.ro\/scm\/wp-content\/uploads\/2020\/09\/mirciagutau-300x300.jpg 300w, http:\/\/scmrmvalcea.ro\/scm\/wp-content\/uploads\/2020\/09\/mirciagutau-150x150.jpg 150w, http:\/\/scmrmvalcea.ro\/scm\/wp-content\/uploads\/2020\/09\/mirciagutau-310x309.jpg 310w, http:\/\/scmrmvalcea.ro\/scm\/wp-content\/uploads\/2020\/09\/mirciagutau-60x60.jpg 60w, http:\/\/scmrmvalcea.ro\/scm\/wp-content\/uploads\/2020\/09\/mirciagutau-400x400.jpg 400w\" sizes=\"auto, (max-width: 498px) 100vw, 498px\" \/><\/div>\n","protected":false},"excerpt":{"rendered":"<p>Miercuri, 9 septembrie, la ora 20.00, la Arenele Traian, primarul Municipiului R\u00e2mnicu V\u00e2lcea, MIRCIA GUT\u0102U premiaz\u0103 echipa SCM R\u00c2MNICU V\u00c2LCEA pentru performan\u021ba ob\u021binut\u0103 ieri, prin c\u00e2\u0219tigarea celor dou\u0103 trofee, CUPA ROM\u00c2NIEI 2019-2020 \u0219i SUPERCUPA ROM\u00c2NIEI. V\u0103 asteptam \u00een numar c\u00e2t mai mare miercuri, la Arenele Traian, pentru a fi al\u0103turi de campioanele noastre!<\/p>\n","protected":false},"author":1,"featured_media":5120,"comment_status":"closed","ping_status":"closed","sticky":false,"template":"","format":"standard","meta":{"footnotes":""},"categories":[62,63],"tags":[],"class_list":["post-5158","post","type-post","status-publish","format-standard","has-post-thumbnail","hentry","category-stiri","category-comunicate"],"aioseo_notices":[],"_links":{"self":[{"href":"http:\/\/scmrmvalcea.ro\/scm\/wp-json\/wp\/v2\/posts\/5158","targetHints":{"allow":["GET"]}}],"collection":[{"href":"http:\/\/scmrmvalcea.ro\/scm\/wp-json\/wp\/v2\/posts"}],"about":[{"href":"http:\/\/scmrmvalcea.ro\/scm\/wp-json\/wp\/v2\/types\/post"}],"author":[{"embeddable":true,"href":"http:\/\/scmrmvalcea.ro\/scm\/wp-json\/wp\/v2\/users\/1"}],"replies":[{"embeddable":true,"href":"http:\/\/scmrmvalcea.ro\/scm\/wp-json\/wp\/v2\/comments?post=5158"}],"version-history":[{"count":1,"href":"http:\/\/scmrmvalcea.ro\/scm\/wp-json\/wp\/v2\/posts\/5158\/revisions"}],"predecessor-version":[{"id":5161,"href":"http:\/\/scmrmvalcea.ro\/scm\/wp-json\/wp\/v2\/posts\/5158\/revisions\/5161"}],"wp:featuredmedia":[{"embeddable":true,"href":"http:\/\/scmrmvalcea.ro\/scm\/wp-json\/wp\/v2\/media\/5120"}],"wp:attachment":[{"href":"http:\/\/scmrmvalcea.ro\/scm\/wp-json\/wp\/v2\/media?parent=5158"}],"wp:term":[{"taxonomy":"category","embeddable":true,"href":"http:\/\/scmrmvalcea.ro\/scm\/wp-json\/wp\/v2\/categories?post=5158"},{"taxonomy":"post_tag","embeddable":true,"href":"http:\/\/scmrmvalcea.ro\/scm\/wp-json\/wp\/v2\/tags?post=5158"}],"curies":[{"name":"wp","href":"https:\/\/api.w.org\/{rel}","templated":true}]}}