{"id":5163,"date":"2020-09-10T13:27:01","date_gmt":"2020-09-10T10:27:01","guid":{"rendered":"http:\/\/scmrmvalcea.ro\/scm\/?p=5163"},"modified":"2020-09-10T13:34:59","modified_gmt":"2020-09-10T10:34:59","slug":"acreditari-media-scm-ramnicu-valcea-odense-handbold","status":"publish","type":"post","link":"http:\/\/scmrmvalcea.ro\/scm\/2020\/09\/10\/acreditari-media-scm-ramnicu-valcea-odense-handbold\/","title":{"rendered":"Acreditari media : SCM Ramnicu Valcea &#8211; Odense Handbold"},"content":{"rendered":"<div class=\"kvgmc6g5 cxmmr5t8 oygrvhab hcukyx3x c1et5uql ii04i59q\">\n<div dir=\"auto\">DELO EHF Champions League \/ 19 Septembrie 2020 \u2013 ora 17:00<\/div>\n<div dir=\"auto\">\ud835\udc12\ud835\udc02\ud835\udc0c \ud835\udc11\ud835\udc1a\ud835\udc26\ud835\udc27\ud835\udc22\ud835\udc1c\ud835\udc2e \ud835\udc15\ud835\udc1a\ud835\udc25\ud835\udc1c\ud835\udc1e\ud835\udc1a &#8211; Odense H\u00e5ndbold<\/div>\n<div dir=\"auto\"><\/div>\n<\/div>\n<div class=\"o9v6fnle cxmmr5t8 oygrvhab hcukyx3x c1et5uql ii04i59q\">\n<div dir=\"auto\">\ud835\udc0f\ud835\udc11\ud835\udc04\ud835\udc12\ud835\udc00 (\ud835\udc2c\ud835\udc1c\ud835\udc2b\ud835\udc22\ud835\udc2c\ud835\udc1a+\ud835\udc30\ud835\udc1e\ud835\udc1b) \ud835\udc2c\u0327\ud835\udc22 \ud835\udc05\ud835\udc0e\ud835\udc13\ud835\udc0e\ud835\udc06\ud835\udc11\ud835\udc00\ud835\udc05\ud835\udc08<\/div>\n<\/div>\n<div class=\"o9v6fnle cxmmr5t8 oygrvhab hcukyx3x c1et5uql ii04i59q\">\n<div dir=\"auto\">Acredit\u0103rile pentru partida SCM Ramnicu Valcea \u2013 Odense Handbold se vor putea ob\u021bine printr-o cerere scris\u0103 din partea institu\u021biei media pentru care se solicit\u0103 accesul la joc. Solicit\u0103rile se vor trimite p\u00e2n\u0103 \ud835\udc0c\ud835\udc08\ud835\udc04\ud835\udc11\ud835\udc02\ud835\udc14\ud835\udc11\ud835\udc08, \ud835\udfcf\ud835\udfd4 \ud835\udc12\ud835\udc04\ud835\udc0f\ud835\udc13\ud835\udc04\ud835\udc0c\ud835\udc01\ud835\udc11\ud835\udc08\ud835\udc04 \ud835\udfd0\ud835\udfce\ud835\udfd0\ud835\udfce (ora 14:00), la urm\u0103toarea adres\u0103 de e-mail: \ud835\udc1a\ud835\udc1c\ud835\udc2b\ud835\udc1e\ud835\udc1d\ud835\udc22\ud835\udc2d\ud835\udc1a\ud835\udc2b\ud835\udc22@\ud835\udc2c\ud835\udc1c\ud835\udc26\ud835\udc2b\ud835\udc26\ud835\udc2f\ud835\udc1a\ud835\udc25\ud835\udc1c\ud835\udc1e\ud835\udc1a.\ud835\udc2b\ud835\udc28<\/div>\n<\/div>\n<div class=\"o9v6fnle cxmmr5t8 oygrvhab hcukyx3x c1et5uql ii04i59q\">\n<div dir=\"auto\">\ud835\udc13\ud835\udc15 \ud835\udc2c\u0327\ud835\udc22 \ud835\udc11\ud835\udc00\ud835\udc03\ud835\udc08\ud835\udc0e<\/div>\n<\/div>\n<div class=\"o9v6fnle cxmmr5t8 oygrvhab hcukyx3x c1et5uql ii04i59q\">\n<div dir=\"auto\">Solicit\u0103rile se fac prin trimiterea formularului anexat \u00een linkul de mai jos la adresa de e-mail : \ud835\udc26\ud835\udc1e\ud835\udc1d\ud835\udc22\ud835\udc1a\ud835\udc13\ud835\udc15@\ud835\udc1e\ud835\udc21\ud835\udc1f\ud835\udc26\ud835\udc1a\ud835\udc2b\ud835\udc24\ud835\udc1e\ud835\udc2d\ud835\udc22\ud835\udc27\ud835\udc20.\ud835\udc1c\ud835\udc28\ud835\udc26. Termenul limit\u0103 pentru solicit\u0103ri este \ud835\udc0c\ud835\udc08\ud835\udc04\ud835\udc11\ud835\udc02\ud835\udc14\ud835\udc11\ud835\udc08, \ud835\udfcf\ud835\udfd4 \ud835\udc12\ud835\udc04\ud835\udc0f\ud835\udc13\ud835\udc04\ud835\udc0c\ud835\udc01\ud835\udc11\ud835\udc08\ud835\udc04 \ud835\udfd0\ud835\udfce\ud835\udfd0\ud835\udfce.<\/div>\n<\/div>\n<div class=\"o9v6fnle cxmmr5t8 oygrvhab hcukyx3x c1et5uql ii04i59q\">\n<div dir=\"auto\">Descarcare document pentru TV si Radio <a class=\"oajrlxb2 g5ia77u1 qu0x051f esr5mh6w e9989ue4 r7d6kgcz rq0escxv nhd2j8a9 nc684nl6 p7hjln8o kvgmc6g5 cxmmr5t8 oygrvhab hcukyx3x jb3vyjys rz4wbd8a qt6c0cv9 a8nywdso i1ao9s8h esuyzwwr f1sip0of lzcic4wl py34i1dx gpro0wi8\" tabindex=\"0\" role=\"link\" href=\"http:\/\/www.scmrmvalcea.ro\/documente\/accreditation2021.xls?fbclid=IwAR1gcZ-SRxoQPumA8-6l93dbekRQ9IOQMXdPM0PQPppxyUm3qZymjO5SCrg\" target=\"_blank\" rel=\"nofollow noopener noreferrer\">http:\/\/www.scmrmvalcea.ro\/documente\/accreditation2021.xls<\/a><\/div>\n<\/div>\n<div class=\"o9v6fnle cxmmr5t8 oygrvhab hcukyx3x c1et5uql ii04i59q\">\n<div dir=\"auto\"><\/div>\n<div dir=\"auto\">\ud835\udc05\ud835\udc0e\ud835\udc00\ud835\udc11\ud835\udc13\ud835\udc04 \ud835\udc08\ud835\udc0c\ud835\udc0f\ud835\udc0e\ud835\udc11\ud835\udc13\ud835\udc00\ud835\udc0d\ud835\udc13<\/div>\n<div dir=\"auto\">Din cauza situatiei pandemice, trebuie respectate masurile in vigoare de siguranta si distantare. Astfel, locurile pentru presa scrisa, fotografi si radio sunt LIMITATE. Conferinta de presa premergatoare jocului se va tine online, fara participarea fizica a jurnalistilor. \u2018Zona MIXTA\u2019 de la finalul jocului este suspendata momentan, prin urmare sportivele celor doua formatii implicate in eveniment nu va vor mai raspunde la intrebari in zona organizata, incinta si\/sau perimetrul Salii Sporturilor TRAIAN.<\/div>\n<\/div>\n<div class=\"o9v6fnle cxmmr5t8 oygrvhab hcukyx3x c1et5uql ii04i59q\">\n<div dir=\"auto\">Numar acreditari cu loc : 10<\/div>\n<div dir=\"auto\">Numar acreditari foto : 5<\/div>\n<\/div>\n<div class=\"o9v6fnle cxmmr5t8 oygrvhab hcukyx3x c1et5uql ii04i59q\">\n<div dir=\"auto\">Conform cerintelor in vigoare ale competitiei, PRIORITATE vor avea institutiile cu expunere mare publicului. \ud835\udc00\ud835\udc02\ud835\udc11\ud835\udc04\ud835\udc03\ud835\udc08\ud835\udc13\ud835\udc00\ud835\udc11\ud835\udc04\ud835\udc00 \ud835\udc2c\ud835\udc1e \ud835\udc1c\ud835\udc28\ud835\udc27\ud835\udc2c\ud835\udc22\ud835\udc1d\ud835\udc1e\ud835\udc2b\ud835\udc1a \ud835\udc1a\ud835\udc1c\ud835\udc1c\ud835\udc1e\ud835\udc29\ud835\udc2d\ud835\udc1a\ud835\udc2d\ud835\udc1a \ud835\udc03\ud835\udc0e\ud835\udc00\ud835\udc11 \ud835\udc22\ud835\udc27 \ud835\udc2e\ud835\udc2b\ud835\udc26\ud835\udc1a \ud835\udc29\ud835\udc2b\ud835\udc22\ud835\udc26\ud835\udc22\ud835\udc2b\ud835\udc22\ud835\udc22 \ud835\udc1e-\ud835\udc26\ud835\udc1a\ud835\udc22\ud835\udc25\ud835\udc2e\ud835\udc25\ud835\udc2e\ud835\udc22 \ud835\udc1d\ud835\udc1e \ud835\udc1c\ud835\udc28\ud835\udc27\ud835\udc1f\ud835\udc22\ud835\udc2b\ud835\udc26\ud835\udc1a\ud835\udc2b\ud835\udc1e \ud835\udc1d\ud835\udc22\ud835\udc27 \ud835\udc29\ud835\udc1a\ud835\udc2b\ud835\udc2d\ud835\udc1e\ud835\udc1a \ud835\udc1c\ud835\udc25\ud835\udc2e\ud835\udc1b\ud835\udc2e\ud835\udc25\ud835\udc2e\ud835\udc22, lucru valabil pentru toti cei care solicita din partea PRESA, FOTOJURNALISTI, TV si RADIO.<\/div>\n<\/div>\n<div class=\"o9v6fnle cxmmr5t8 oygrvhab hcukyx3x c1et5uql ii04i59q\">\n<div dir=\"auto\"><\/div>\n<div dir=\"auto\">\ud835\udc02\ud835\udc1e\ud835\udc2b\ud835\udc22\ud835\udc27\ud835\udc2d\ud835\udc1e \ud835\udc26\ud835\udc22\ud835\udc27\ud835\udc22\ud835\udc26\ud835\udc1e \ud835\udc28\ud835\udc1b\ud835\udc25\ud835\udc22\ud835\udc20\ud835\udc1a\ud835\udc2d\ud835\udc28\ud835\udc2b\ud835\udc22\ud835\udc22 :<\/div>\n<div dir=\"auto\">&#8211; Fiecare reprezentant media va purta masca, in mod corespunzator, pe intreaga sa prezenta in incinta Salii Sporturilor TRAIAN<\/div>\n<div dir=\"auto\">&#8211; Fiecare reprezentant media va completa o declaratie pe proprie raspundere la intrare in Sala Sporturilor TRAIAN (simptome specifice Covid19)<\/div>\n<div dir=\"auto\">&#8211; Reprezentantii media vor avea acces DOAR in zonele destinate special lor. Astfel niciun membru media nu va avea voie sa se apropie de suprafata de joc.<\/div>\n<div dir=\"auto\">&#8211; Fotojurnalistilor le este STRICT INTERZISA patrunderea pe suprafata de joc inainte de partida, la time-out-uri si dupa finalul partidei.<\/div>\n<\/div>\n<div class=\"o9v6fnle cxmmr5t8 oygrvhab hcukyx3x c1et5uql ii04i59q\">\n<div dir=\"auto\">Accesul reprezentantilor media acreditati se va face face DOAR pe poarta 4 a Salii Sporturilor Traian. Locurile destinate acestora sunt la fel ca cele din sezonul anterior, situate in spatele perimetralei. Aceasta este singura zona din incinta Salii Sporturilor TRAIAN unde reprezentantii media au acces. La finalul partidei, parasirea incintei salii se va face pe aceasi cale de acces, poarta 4.<\/div>\n<\/div>\n<div dir=\"auto\"><\/div>\n","protected":false},"excerpt":{"rendered":"<p>DELO EHF Champions League \/ 19 Septembrie 2020 \u2013 ora 17:00 \ud835\udc12\ud835\udc02\ud835\udc0c \ud835\udc11\ud835\udc1a\ud835\udc26\ud835\udc27\ud835\udc22\ud835\udc1c\ud835\udc2e \ud835\udc15\ud835\udc1a\ud835\udc25\ud835\udc1c\ud835\udc1e\ud835\udc1a &#8211; Odense H\u00e5ndbold \ud835\udc0f\ud835\udc11\ud835\udc04\ud835\udc12\ud835\udc00 (\ud835\udc2c\ud835\udc1c\ud835\udc2b\ud835\udc22\ud835\udc2c\ud835\udc1a+\ud835\udc30\ud835\udc1e\ud835\udc1b) \ud835\udc2c\u0327\ud835\udc22 \ud835\udc05\ud835\udc0e\ud835\udc13\ud835\udc0e\ud835\udc06\ud835\udc11\ud835\udc00\ud835\udc05\ud835\udc08 Acredit\u0103rile pentru partida SCM Ramnicu Valcea \u2013 Odense Handbold se vor putea ob\u021bine printr-o cerere scris\u0103 din partea institu\u021biei media pentru care se solicit\u0103 accesul la joc. Solicit\u0103rile se vor trimite p\u00e2n\u0103 \ud835\udc0c\ud835\udc08\ud835\udc04\ud835\udc11\ud835\udc02\ud835\udc14\ud835\udc11\ud835\udc08, \ud835\udfcf\ud835\udfd4&#8230; <\/p>\n<div class=\"clear\"><\/div>\n<p><a href=\"http:\/\/scmrmvalcea.ro\/scm\/2020\/09\/10\/acreditari-media-scm-ramnicu-valcea-odense-handbold\/\" class=\"excerpt-read-more\">Read More<\/a><\/p>\n","protected":false},"author":1,"featured_media":5164,"comment_status":"closed","ping_status":"closed","sticky":false,"template":"","format":"standard","meta":{"footnotes":""},"categories":[62,63],"tags":[],"class_list":["post-5163","post","type-post","status-publish","format-standard","has-post-thumbnail","hentry","category-stiri","category-comunicate"],"aioseo_notices":[],"_links":{"self":[{"href":"http:\/\/scmrmvalcea.ro\/scm\/wp-json\/wp\/v2\/posts\/5163","targetHints":{"allow":["GET"]}}],"collection":[{"href":"http:\/\/scmrmvalcea.ro\/scm\/wp-json\/wp\/v2\/posts"}],"about":[{"href":"http:\/\/scmrmvalcea.ro\/scm\/wp-json\/wp\/v2\/types\/post"}],"author":[{"embeddable":true,"href":"http:\/\/scmrmvalcea.ro\/scm\/wp-json\/wp\/v2\/users\/1"}],"replies":[{"embeddable":true,"href":"http:\/\/scmrmvalcea.ro\/scm\/wp-json\/wp\/v2\/comments?post=5163"}],"version-history":[{"count":1,"href":"http:\/\/scmrmvalcea.ro\/scm\/wp-json\/wp\/v2\/posts\/5163\/revisions"}],"predecessor-version":[{"id":5165,"href":"http:\/\/scmrmvalcea.ro\/scm\/wp-json\/wp\/v2\/posts\/5163\/revisions\/5165"}],"wp:featuredmedia":[{"embeddable":true,"href":"http:\/\/scmrmvalcea.ro\/scm\/wp-json\/wp\/v2\/media\/5164"}],"wp:attachment":[{"href":"http:\/\/scmrmvalcea.ro\/scm\/wp-json\/wp\/v2\/media?parent=5163"}],"wp:term":[{"taxonomy":"category","embeddable":true,"href":"http:\/\/scmrmvalcea.ro\/scm\/wp-json\/wp\/v2\/categories?post=5163"},{"taxonomy":"post_tag","embeddable":true,"href":"http:\/\/scmrmvalcea.ro\/scm\/wp-json\/wp\/v2\/tags?post=5163"}],"curies":[{"name":"wp","href":"https:\/\/api.w.org\/{rel}","templated":true}]}}