{"id":5220,"date":"2020-09-18T13:52:22","date_gmt":"2020-09-18T10:52:22","guid":{"rendered":"http:\/\/scmrmvalcea.ro\/scm\/?p=5220"},"modified":"2020-09-18T13:52:22","modified_gmt":"2020-09-18T10:52:22","slug":"invitatie-la-handbal-2","status":"publish","type":"post","link":"http:\/\/scmrmvalcea.ro\/scm\/2020\/09\/18\/invitatie-la-handbal-2\/","title":{"rendered":"INVITATIE LA HANDBAL"},"content":{"rendered":"<div class=\"o9v6fnle cxmmr5t8 oygrvhab hcukyx3x c1et5uql ii04i59q\">\n<div dir=\"auto\">Av\u00e2nd \u00een vedere faptul c\u0103 partida din etapa a II-a a Grupei B din Liga Campionilor, SCM R\u00e2mnicu V\u00e2lcea &#8211; Odense Handbold, programat s\u00e2mb\u0103t\u0103, 19 septembrie (ora 17.00), se va disputa f\u0103r\u0103 spectatori, ne-am propus s\u0103 venim \u00een \u00eent\u00e2mpinarea sus\u021bin\u0103torilor echipei noastre.<\/div>\n<\/div>\n<div class=\"o9v6fnle cxmmr5t8 oygrvhab hcukyx3x c1et5uql ii04i59q\">\n<div dir=\"auto\"><span class=\"pq6dq46d tbxw36s4 knj5qynh kvgmc6g5 ditlmg2l oygrvhab nvdbi5me sf5mxxl7 gl3lb2sf hhz5lgdu\"><img loading=\"lazy\" decoding=\"async\" src=\"https:\/\/static.xx.fbcdn.net\/images\/emoji.php\/v9\/t51\/1\/16\/1f449.png\" alt=\"\ud83d\udc49\" width=\"16\" height=\"16\" \/><\/span>In incinta Arenelor Traian va fi amplasat un ecran uria\u0219, pe care fanii SCM-ului vor putea viziona \u00een direct jocul din Sala Sporturilor Traian. Accesul este gratuit, cu respectarea normelor legale \u00een vigoare.<\/div>\n<\/div>\n<div class=\"o9v6fnle cxmmr5t8 oygrvhab hcukyx3x c1et5uql ii04i59q\">\n<div dir=\"auto\"><span class=\"pq6dq46d tbxw36s4 knj5qynh kvgmc6g5 ditlmg2l oygrvhab nvdbi5me sf5mxxl7 gl3lb2sf hhz5lgdu\"><img loading=\"lazy\" decoding=\"async\" src=\"https:\/\/static.xx.fbcdn.net\/images\/emoji.php\/v9\/t51\/1\/16\/1f449.png\" alt=\"\ud83d\udc49\" width=\"16\" height=\"16\" \/><\/span> Sonorizarea din Arenele Traian va fi transmis\u0103 \u00een timp real la difuzoarele Salii Sporturilor Traian, \u00een timpul meciului!<\/div>\n<div dir=\"auto\"><\/div>\n<div dir=\"auto\"><strong>Astfel, v\u0103 invit\u0103m s\u00e2mb\u0103t\u0103, 19 septembrie, de la ora 17.00, la Arenele Traian, pentru a sus\u021bine echipa noastr\u0103 \u00een jocul din Liga Campionilor, cu Odense.<\/strong><\/div>\n<div dir=\"auto\"><\/div>\n<\/div>\n<div class=\"o9v6fnle cxmmr5t8 oygrvhab hcukyx3x c1et5uql ii04i59q\">\n<div dir=\"auto\"><span class=\"pq6dq46d tbxw36s4 knj5qynh kvgmc6g5 ditlmg2l oygrvhab nvdbi5me sf5mxxl7 gl3lb2sf hhz5lgdu\"><img loading=\"lazy\" decoding=\"async\" src=\"https:\/\/static.xx.fbcdn.net\/images\/emoji.php\/v9\/t9b\/1\/16\/1f6d1.png\" alt=\"\ud83d\uded1\" width=\"16\" height=\"16\" \/><\/span>ACCESUL in cadrul Arenelor Traian se va face DOAR pe poarta principala a Directiei Economico Financiare Ramnicu Valcea, asa cum este prezentat in schema de mai jos.<\/div>\n<\/div>\n<div class=\"o9v6fnle cxmmr5t8 oygrvhab hcukyx3x c1et5uql ii04i59q\">\n<div dir=\"auto\"><span class=\"pq6dq46d tbxw36s4 knj5qynh kvgmc6g5 ditlmg2l oygrvhab nvdbi5me sf5mxxl7 gl3lb2sf hhz5lgdu\"><img loading=\"lazy\" decoding=\"async\" src=\"https:\/\/static.xx.fbcdn.net\/images\/emoji.php\/v9\/t9b\/1\/16\/1f6d1.png\" alt=\"\ud83d\uded1\" width=\"16\" height=\"16\" \/><\/span>ACCESUL in zona perimetrului Salii Sporturilor TRAIAN va fi restrictionat pietonilor. Aceste masuri fac parte din planul de organizare al partidei programate.<\/div>\n<div dir=\"auto\"><\/div>\n<\/div>\n<div class=\"o9v6fnle cxmmr5t8 oygrvhab hcukyx3x c1et5uql ii04i59q\">\n<div dir=\"auto\">V\u0103 a\u0219tept\u0103m!<\/div>\n<div dir=\"auto\"><\/div>\n<div dir=\"auto\"><img loading=\"lazy\" decoding=\"async\" class=\"alignnone wp-image-5221 size-large\" src=\"http:\/\/scmrmvalcea.ro\/scm\/wp-content\/uploads\/2020\/09\/schemaarene-1024x407.jpg\" alt=\"\" width=\"960\" height=\"382\" srcset=\"http:\/\/scmrmvalcea.ro\/scm\/wp-content\/uploads\/2020\/09\/schemaarene-1024x407.jpg 1024w, http:\/\/scmrmvalcea.ro\/scm\/wp-content\/uploads\/2020\/09\/schemaarene-300x119.jpg 300w, http:\/\/scmrmvalcea.ro\/scm\/wp-content\/uploads\/2020\/09\/schemaarene-768x305.jpg 768w, http:\/\/scmrmvalcea.ro\/scm\/wp-content\/uploads\/2020\/09\/schemaarene-1536x611.jpg 1536w, http:\/\/scmrmvalcea.ro\/scm\/wp-content\/uploads\/2020\/09\/schemaarene-2048x814.jpg 2048w, http:\/\/scmrmvalcea.ro\/scm\/wp-content\/uploads\/2020\/09\/schemaarene-310x123.jpg 310w, http:\/\/scmrmvalcea.ro\/scm\/wp-content\/uploads\/2020\/09\/schemaarene-60x24.jpg 60w\" sizes=\"auto, (max-width: 960px) 100vw, 960px\" \/><\/div>\n<\/div>\n","protected":false},"excerpt":{"rendered":"<p>Av\u00e2nd \u00een vedere faptul c\u0103 partida din etapa a II-a a Grupei B din Liga Campionilor, SCM R\u00e2mnicu V\u00e2lcea &#8211; Odense Handbold, programat s\u00e2mb\u0103t\u0103, 19 septembrie (ora 17.00), se va disputa f\u0103r\u0103 spectatori, ne-am propus s\u0103 venim \u00een \u00eent\u00e2mpinarea sus\u021bin\u0103torilor echipei noastre. In incinta Arenelor Traian va fi amplasat un ecran uria\u0219, pe care fanii&#8230; <\/p>\n<div class=\"clear\"><\/div>\n<p><a href=\"http:\/\/scmrmvalcea.ro\/scm\/2020\/09\/18\/invitatie-la-handbal-2\/\" class=\"excerpt-read-more\">Read More<\/a><\/p>\n","protected":false},"author":1,"featured_media":5188,"comment_status":"closed","ping_status":"closed","sticky":false,"template":"","format":"standard","meta":{"footnotes":""},"categories":[62,63],"tags":[],"class_list":["post-5220","post","type-post","status-publish","format-standard","has-post-thumbnail","hentry","category-stiri","category-comunicate"],"aioseo_notices":[],"_links":{"self":[{"href":"http:\/\/scmrmvalcea.ro\/scm\/wp-json\/wp\/v2\/posts\/5220","targetHints":{"allow":["GET"]}}],"collection":[{"href":"http:\/\/scmrmvalcea.ro\/scm\/wp-json\/wp\/v2\/posts"}],"about":[{"href":"http:\/\/scmrmvalcea.ro\/scm\/wp-json\/wp\/v2\/types\/post"}],"author":[{"embeddable":true,"href":"http:\/\/scmrmvalcea.ro\/scm\/wp-json\/wp\/v2\/users\/1"}],"replies":[{"embeddable":true,"href":"http:\/\/scmrmvalcea.ro\/scm\/wp-json\/wp\/v2\/comments?post=5220"}],"version-history":[{"count":1,"href":"http:\/\/scmrmvalcea.ro\/scm\/wp-json\/wp\/v2\/posts\/5220\/revisions"}],"predecessor-version":[{"id":5222,"href":"http:\/\/scmrmvalcea.ro\/scm\/wp-json\/wp\/v2\/posts\/5220\/revisions\/5222"}],"wp:featuredmedia":[{"embeddable":true,"href":"http:\/\/scmrmvalcea.ro\/scm\/wp-json\/wp\/v2\/media\/5188"}],"wp:attachment":[{"href":"http:\/\/scmrmvalcea.ro\/scm\/wp-json\/wp\/v2\/media?parent=5220"}],"wp:term":[{"taxonomy":"category","embeddable":true,"href":"http:\/\/scmrmvalcea.ro\/scm\/wp-json\/wp\/v2\/categories?post=5220"},{"taxonomy":"post_tag","embeddable":true,"href":"http:\/\/scmrmvalcea.ro\/scm\/wp-json\/wp\/v2\/tags?post=5220"}],"curies":[{"name":"wp","href":"https:\/\/api.w.org\/{rel}","templated":true}]}}