{"id":6263,"date":"2025-11-22T00:14:03","date_gmt":"2025-11-21T21:14:03","guid":{"rendered":"https:\/\/scmrmvalcea.ro\/scm\/?p=6263"},"modified":"2025-11-22T00:14:03","modified_gmt":"2025-11-21T21:14:03","slug":"%f0%9d%97%96%f0%9d%97%bc%f0%9d%97%ba%f0%9d%97%bd%f0%9d%97%b2%f0%9d%98%81%f0%9d%97%b6%f0%9d%98%81%cc%a6%f0%9d%97%b6%f0%9d%97%ae-%f0%9d%97%b6%f0%9d%97%bb%f0%9d%98%81%f0%9d%97%b2%f0%9d%97%bf%f0%9d%97%bb","status":"publish","type":"post","link":"http:\/\/scmrmvalcea.ro\/scm\/2025\/11\/22\/%f0%9d%97%96%f0%9d%97%bc%f0%9d%97%ba%f0%9d%97%bd%f0%9d%97%b2%f0%9d%98%81%f0%9d%97%b6%f0%9d%98%81%cc%a6%f0%9d%97%b6%f0%9d%97%ae-%f0%9d%97%b6%f0%9d%97%bb%f0%9d%98%81%f0%9d%97%b2%f0%9d%97%bf%f0%9d%97%bb\/","title":{"rendered":"\ud835\uddd6\ud835\uddfc\ud835\uddfa\ud835\uddfd\ud835\uddf2\ud835\ude01\ud835\uddf6\ud835\ude01\u0326\ud835\uddf6\ud835\uddee \ud835\uddf6\ud835\uddfb\ud835\ude01\ud835\uddf2\ud835\uddff\ud835\uddfb\ud835\uddee\u0306 \ud835\uddf6\u0302\ud835\uddfb\ud835\ude01\ud835\uddff\ud835\uddee\u0306 \ud835\uddf6\u0302\ud835\uddfb \ud835\uddfd\ud835\uddee\ud835\ude02\ud835\ude07\ud835\uddee\u0306 \ud835\uddfd\ud835\uddf2\ud835\uddfb\ud835\ude01\ud835\uddff\ud835\ude02 \ud835\uddd6\ud835\uddee\ud835\uddfa\ud835\uddfd\ud835\uddf6\ud835\uddfc\ud835\uddfb\ud835\uddee\ud835\ude01\ud835\ude02\ud835\uddf9 \ud835\udde0\ud835\uddfc\ud835\uddfb\ud835\uddf1\ud835\uddf6\ud835\uddee\ud835\uddf9 | \ud835\uddee \ud835\udfee\ud835\udff3-\ud835\uddee \ud835\uddf2\ud835\uddf1\ud835\uddf6\ud835\ude01\u0326\ud835\uddf6\ud835\uddf2 \ud835\uddee \ud835\udddc\ud835\udddb\ud835\uddd9 \ud835\uddea\ud835\udde2\ud835\udde0\ud835\uddd8\ud835\udde1\u2019\ud835\udde6 \ud835\udddb\ud835\uddd4\ud835\udde1\ud835\uddd7\ud835\uddd5\ud835\uddd4\ud835\udddf\ud835\udddf \ud835\uddea\ud835\udde2\ud835\udde5\ud835\udddf\ud835\uddd7 \ud835\uddd6\ud835\udddb\ud835\uddd4\ud835\udde0\ud835\udde3\ud835\udddc\ud835\udde2\ud835\udde1\ud835\udde6\ud835\udddb\ud835\udddc\ud835\udde3"},"content":{"rendered":"<div class=\"xdj266r x14z9mp xat24cr x1lziwak x1vvkbs x126k92a\">\n<div dir=\"auto\"><span class=\"html-span xexx8yu xyri2b x18d9i69 x1c1uobl x1hl2dhg x16tdsg8 x1vvkbs x3nfvp2 x1j61x8r x1fcty0u xdj266r xat24cr xm2jcoa x1mpyi22 xxymvpz xlup9mm x1kky2od\"><img loading=\"lazy\" decoding=\"async\" class=\"xz74otr x15mokao x1ga7v0g x16uus16 xbiv7yw\" src=\"https:\/\/static.xx.fbcdn.net\/images\/emoji.php\/v9\/t91\/1\/16\/1f93e_200d_2640.png\" alt=\"\ud83e\udd3e\u200d\u2640\ufe0f\" width=\"16\" height=\"16\" \/><\/span> Sportivele antrenate de tehnicianul Florentin Pera au \u00eenchis anul competi\u021bional 2025 cu un rezultat de egalitate, 29:29, \u00een meciul disputat asear\u0103 pe teren propriu, \u00een compania forma\u021biei CSM Slatina. Aceast\u0103 partid\u0103 a fost parte din cadrul etapei a X-a a Ligii Florilor MOL \u0219i a reprezentat ultimul joc oficial \u00eenaintea pauzei competi\u021bionale. \u00cen perioada imediat urm\u0103toare va avea loc Campionatul Mondial de handbal feminin, competi\u021bie care se va desf\u0103\u0219ura \u00een Olanda \u0219i Germania. Ro\u0219-albastrele \u00ee\u0219i vor relua jocurile oficiale la \u00eenceputul anului 2026, cu primul duel programat \u00een deplasare, la Bra\u0219ov, \u00eempotriva echipei Corona.<\/div>\n<\/div>\n<div class=\"x14z9mp xat24cr x1lziwak x1vvkbs xtlvy1s x126k92a\">\n<div dir=\"auto\">Dup\u0103 primele zece etape ale Ligii Florilor MOL, SCM R\u00e2mnicu V\u00e2lcea ocup\u0103 locul patru \u00een clasament, cu 11 puncte, \u00een care am \u00eenregistrat cinci victorii, un rezultat de egalitate \u0219i patru \u00eenfr\u00e2ngeri. \u00cen fruntea clasamentului se afl\u0103 CSM Bucure\u0219ti, cu 18 puncte, urmat\u0103 de Gloria Bistri\u021ba \u0219i Corona Bra\u0219ov, toate av\u00e2nd cu un joc mai pu\u021bin disputat. De notat este c\u0103 din acest sezon competi\u021bional victoria valoreaz\u0103 dou\u0103 puncte, \u00een timp ce egalul aduce un punct. Anterior, victoria beneficia de trei puncte.<\/div>\n<div dir=\"auto\">\n<div class=\"x14z9mp xat24cr x1lziwak x1vvkbs xtlvy1s x126k92a\">\n<div dir=\"auto\">\u00cen plan ofensiv, echipa are o medie de peste 32 de goluri \u00eenscrise pe meci. Totalul de 324 de goluri marcate \u0219i 275 primite contureaz\u0103 un \u00eenceput de sezon foarte bun \u00een atac, cre\u00e2nd astfel o baz\u0103 solida pentru care antrenorul principal va continua s\u0103 o optimizeze \u00een perioada de pauz\u0103. Distribu\u021bia golurilor ne indic\u0103 o contribu\u021bie important\u0103 din partea extremelor, ceea ce confirm\u0103 adaptarea rapid\u0103 a sportivelor la cerin\u021bele lui Florentin Pera. Tuva H\u00f8ve este cea mai bun\u0103 marcatoare ro\u0219-albastr\u0103, cu 58 de reu\u0219ite, urmat\u0103 de Anniken Wollik, care a adunat 49. &#8216;Podiumul&#8217; marcatoarelor este completat de coordonatorul de joc Rebeca Necula, cu 42 de goluri. Concluzia este c\u0103 toate sportivele au avut un rol constant \u00een faza de atac, indiferent de adversar, motiv pentru care echipa confirm\u0103 o ofensiv\u0103 foarte puternic\u0103.<\/div>\n<\/div>\n<div class=\"x14z9mp xat24cr x1lziwak x1vvkbs xtlvy1s x126k92a\">\n<div dir=\"auto\">Pauza competi\u021bional\u0103 coincide cu una dintre cele mai importante perioade ale sezonului, deoarece cinci juc\u0103toare din lot vor participa la Campionatul Mondial, care va \u00eencepe \u00een 26 noiembrie \u0219i are finalele programate \u00een 14 decembrie 2025. Rebeca Necula \u0219i Asma Elghaoui vor evolua pentru Rom\u00e2nia, Anniken Wollik pentru Norvegia, Daphne Gautschi pentru Elve\u021bia, iar Julia Maidhof pentru Germania. Pentru staff-ul tehnic \u0219i celelalte sportive, aceast\u0103 perioad\u0103 va fi una antrenamente si planificare. Echipa are un obiectiv clar pentru partea a doua a campionatului, clasarea pe un loc care ne permite re\u00eentoarcerea \u00een cupele europene<\/div>\n<\/div>\n<div class=\"x14z9mp xat24cr x1lziwak x1vvkbs xtlvy1s x126k92a\">\n<div dir=\"auto\">Ne preg\u0103tim pentru 2026 cu \u00eencredere \u0219i apreciem sprijinul constant al suporterilor no\u0219tri. Totodat\u0103, nu putem sa nu remarc\u0103m atmosfera fabuloas\u0103 creat\u0103 de voi de la partida cu CSM Slatina, motiv pentru care v\u0103 mul\u021bumim!<\/div>\n<\/div>\n<\/div>\n<\/div>\n","protected":false},"excerpt":{"rendered":"<p>Sportivele antrenate de tehnicianul Florentin Pera au \u00eenchis anul competi\u021bional 2025 cu un rezultat de egalitate, 29:29, \u00een meciul disputat asear\u0103 pe teren propriu, \u00een compania forma\u021biei CSM Slatina. Aceast\u0103 partid\u0103 a fost parte din cadrul etapei a X-a a Ligii Florilor MOL \u0219i a reprezentat ultimul joc oficial \u00eenaintea pauzei competi\u021bionale. \u00cen perioada imediat&#8230; <\/p>\n<div class=\"clear\"><\/div>\n<p><a href=\"http:\/\/scmrmvalcea.ro\/scm\/2025\/11\/22\/%f0%9d%97%96%f0%9d%97%bc%f0%9d%97%ba%f0%9d%97%bd%f0%9d%97%b2%f0%9d%98%81%f0%9d%97%b6%f0%9d%98%81%cc%a6%f0%9d%97%b6%f0%9d%97%ae-%f0%9d%97%b6%f0%9d%97%bb%f0%9d%98%81%f0%9d%97%b2%f0%9d%97%bf%f0%9d%97%bb\/\" class=\"excerpt-read-more\">Read More<\/a><\/p>\n","protected":false},"author":1,"featured_media":6264,"comment_status":"closed","ping_status":"closed","sticky":false,"template":"","format":"standard","meta":{"footnotes":""},"categories":[63],"tags":[83],"class_list":["post-6263","post","type-post","status-publish","format-standard","has-post-thumbnail","hentry","category-comunicate","tag-scm-ramnicu-valcea"],"aioseo_notices":[],"_links":{"self":[{"href":"http:\/\/scmrmvalcea.ro\/scm\/wp-json\/wp\/v2\/posts\/6263","targetHints":{"allow":["GET"]}}],"collection":[{"href":"http:\/\/scmrmvalcea.ro\/scm\/wp-json\/wp\/v2\/posts"}],"about":[{"href":"http:\/\/scmrmvalcea.ro\/scm\/wp-json\/wp\/v2\/types\/post"}],"author":[{"embeddable":true,"href":"http:\/\/scmrmvalcea.ro\/scm\/wp-json\/wp\/v2\/users\/1"}],"replies":[{"embeddable":true,"href":"http:\/\/scmrmvalcea.ro\/scm\/wp-json\/wp\/v2\/comments?post=6263"}],"version-history":[{"count":1,"href":"http:\/\/scmrmvalcea.ro\/scm\/wp-json\/wp\/v2\/posts\/6263\/revisions"}],"predecessor-version":[{"id":6265,"href":"http:\/\/scmrmvalcea.ro\/scm\/wp-json\/wp\/v2\/posts\/6263\/revisions\/6265"}],"wp:featuredmedia":[{"embeddable":true,"href":"http:\/\/scmrmvalcea.ro\/scm\/wp-json\/wp\/v2\/media\/6264"}],"wp:attachment":[{"href":"http:\/\/scmrmvalcea.ro\/scm\/wp-json\/wp\/v2\/media?parent=6263"}],"wp:term":[{"taxonomy":"category","embeddable":true,"href":"http:\/\/scmrmvalcea.ro\/scm\/wp-json\/wp\/v2\/categories?post=6263"},{"taxonomy":"post_tag","embeddable":true,"href":"http:\/\/scmrmvalcea.ro\/scm\/wp-json\/wp\/v2\/tags?post=6263"}],"curies":[{"name":"wp","href":"https:\/\/api.w.org\/{rel}","templated":true}]}}