{"id":6307,"date":"2025-12-24T13:00:54","date_gmt":"2025-12-24T10:00:54","guid":{"rendered":"https:\/\/scmrmvalcea.ro\/scm\/?p=6307"},"modified":"2026-01-19T13:58:26","modified_gmt":"2026-01-19T10:58:26","slug":"mos-craciun-a-venit-pentru-cei-500-de-copii-legitimati-la-club","status":"publish","type":"post","link":"http:\/\/scmrmvalcea.ro\/scm\/2025\/12\/24\/mos-craciun-a-venit-pentru-cei-500-de-copii-legitimati-la-club\/","title":{"rendered":"Mo\u0219 Cr\u0103ciun a venit pentru cei 500 de copii legitima\u021bi la club"},"content":{"rendered":"<div class=\"xdj266r x14z9mp xat24cr x1lziwak x1vvkbs x126k92a\">\n<div dir=\"auto\"><\/div>\n<\/div>\n<div class=\"x14z9mp xat24cr x1lziwak x1vvkbs xtlvy1s x126k92a\">\n<div dir=\"auto\">Conform tradi\u021biei anuale, \ud835\udc12\ud835\udc29\ud835\udc28\ud835\udc2b\ud835\udc2d \ud835\udc02\ud835\udc25\ud835\udc2e\ud835\udc1b \ud835\udc0c\ud835\udc2e\ud835\udc27\ud835\udc22\ud835\udc1c\ud835\udc22\ud835\udc29\ud835\udc1a\ud835\udc25 \ud835\udc11\ud835\udc1a\u0302\ud835\udc26\ud835\udc27\ud835\udc22\ud835\udc1c\ud835\udc2e \ud835\udc15\ud835\udc1a\u0302\ud835\udc25\ud835\udc1c\ud835\udc1e\ud835\udc1a a organizat \u00een Sala Sporturilor &#8216;Traian&#8217; evenimentul de premiere dedicat copiilor \u0219i juniorilor angrena\u021bi \u00een cadrul clubului. Cu aceast\u0103 ocazie, au fost oferite surprize dulci celor peste 500 de copii legitima\u021bi la sec\u021biile clubului, dintre care peste 150 de fete la sec\u021bia de handbal \u0219i peste 350 de juniori \u00een cadrul sec\u021biei de fotbal.<\/div>\n<\/div>\n<div class=\"x14z9mp xat24cr x1lziwak x1vvkbs xtlvy1s x126k92a\">\n<div dir=\"auto\">Premierea a fost realizat\u0103 cu sprijinul \ud835\udc0f\ud835\udc2b\ud835\udc22\ud835\udc26\ud835\udc1a\u0306\ud835\udc2b\ud835\udc22\ud835\udc1e\ud835\udc22 \ud835\udc0c\ud835\udc2e\ud835\udc27\ud835\udc22\ud835\udc1c\ud835\udc22\ud835\udc29\ud835\udc22\ud835\udc2e\ud835\udc25\ud835\udc2e\ud835\udc22 \ud835\udc11\ud835\udc1a\u0302\ud835\udc26\ud835\udc27\ud835\udc22\ud835\udc1c\ud835\udc2e \ud835\udc15\ud835\udc1a\u0302\ud835\udc25\ud835\udc1c\ud835\udc1e\ud835\udc1a, care a fost reprezentat\u0103 \u00een aceast\u0103 sear\u0103 de primarul \ud835\udc0c\ud835\udc22\ud835\udc2b\ud835\udc1c\ud835\udc22\ud835\udc1a \ud835\udc06\ud835\udc2e\ud835\udc2d\ud835\udc1a\u0306\ud835\udc2e \u0219i viceprimarul \ud835\udc04\ud835\udc2e\ud835\udc2c\ud835\udc1e\ud835\udc1b\ud835\udc22\ud835\udc2e \ud835\udc15\ud835\udc1e\ud835\udc2d\u0326\ud835\udc1e\ud835\udc25\ud835\udc1e\ud835\udc1a\ud835\udc27\ud835\udc2e, iar din partea clubului nostru a participat directorul general \ud835\udc0c\ud835\udc1a\ud835\udc2b\ud835\udc22\ud835\udc2e\ud835\udc2c \ud835\udc13\u0326\ud835\udc2e\ud835\udc1c\ud835\udc1a. Totodat\u0103, \u00een cadrul evenimentului, au fost prezente \u0219i sportivele senioare ale echipei de handbal, care s-au implicat activ \u00een distribuirea cadourilor c\u0103tre micii sportivi.<\/div>\n<div dir=\"auto\"><img loading=\"lazy\" decoding=\"async\" class=\"alignnone size-large wp-image-6309\" src=\"http:\/\/scmrmvalcea.ro\/scm\/wp-content\/uploads\/2026\/01\/600307133_1421332903175011_5844812078304473105_n-1024x683.jpg\" alt=\"\" width=\"960\" height=\"640\" srcset=\"http:\/\/scmrmvalcea.ro\/scm\/wp-content\/uploads\/2026\/01\/600307133_1421332903175011_5844812078304473105_n-1024x683.jpg 1024w, http:\/\/scmrmvalcea.ro\/scm\/wp-content\/uploads\/2026\/01\/600307133_1421332903175011_5844812078304473105_n-300x200.jpg 300w, http:\/\/scmrmvalcea.ro\/scm\/wp-content\/uploads\/2026\/01\/600307133_1421332903175011_5844812078304473105_n-768x512.jpg 768w, http:\/\/scmrmvalcea.ro\/scm\/wp-content\/uploads\/2026\/01\/600307133_1421332903175011_5844812078304473105_n-1536x1024.jpg 1536w, http:\/\/scmrmvalcea.ro\/scm\/wp-content\/uploads\/2026\/01\/600307133_1421332903175011_5844812078304473105_n-310x207.jpg 310w, http:\/\/scmrmvalcea.ro\/scm\/wp-content\/uploads\/2026\/01\/600307133_1421332903175011_5844812078304473105_n.jpg 2048w\" sizes=\"auto, (max-width: 960px) 100vw, 960px\" \/><\/div>\n<\/div>\n<div class=\"x14z9mp xat24cr x1lziwak x1vvkbs xtlvy1s x126k92a\">\n<div dir=\"auto\">Cu acest prilej, ne exprim\u0103m satisfac\u021bia c\u0103 putem sus\u021bine comunitatea local\u0103 inclusiv prin accesul viitorilor sportivi de performan\u021b\u0103, si nu numai, la antrenamente f\u0103r\u0103 tax\u0103, \u00een cadru organizat, dar \u0219i \u00een condi\u021bii adecvate pentru dezvoltare, at\u00e2t din punct de vedere sportiv, c\u00e2t \u0219i educa\u021bional. Consider\u0103m c\u0103 sportul este parte esen\u021bial\u0103 \u00een formarea armonioas\u0103 a viitoarelor genera\u021bii, totul \u00een spiritul principiului \u201e\ud835\udc40\ud835\udc52\ud835\udc5b\ud835\udc60 \ud835\udc60\ud835\udc4e\ud835\udc5b\ud835\udc4e \ud835\udc56\ud835\udc5b \ud835\udc50\ud835\udc5c\ud835\udc5f\ud835\udc5d\ud835\udc5c\ud835\udc5f\ud835\udc52 \ud835\udc60\ud835\udc4e\ud835\udc5b\ud835\udc5c!\u201d<\/div>\n<\/div>\n<div class=\"x14z9mp xat24cr x1lziwak x1vvkbs xtlvy1s x126k92a\">\n<div dir=\"auto\">\ud835\udc12\ud835\udc1a\u0306\ud835\udc2b\ud835\udc1b\ud835\udc1a\u0306\ud835\udc2d\ud835\udc28\ud835\udc2b\ud835\udc22 \ud835\udc1f\ud835\udc1e\ud835\udc2b\ud835\udc22\ud835\udc1c\ud835\udc22\ud835\udc2d\ud835\udc1e, \ud835\udc2d\ud835\udc2e\ud835\udc2d\ud835\udc2e\ud835\udc2b\ud835\udc28\ud835\udc2b!<\/div>\n<\/div>\n","protected":false},"excerpt":{"rendered":"<p>Conform tradi\u021biei anuale, \ud835\udc12\ud835\udc29\ud835\udc28\ud835\udc2b\ud835\udc2d \ud835\udc02\ud835\udc25\ud835\udc2e\ud835\udc1b \ud835\udc0c\ud835\udc2e\ud835\udc27\ud835\udc22\ud835\udc1c\ud835\udc22\ud835\udc29\ud835\udc1a\ud835\udc25 \ud835\udc11\ud835\udc1a\u0302\ud835\udc26\ud835\udc27\ud835\udc22\ud835\udc1c\ud835\udc2e \ud835\udc15\ud835\udc1a\u0302\ud835\udc25\ud835\udc1c\ud835\udc1e\ud835\udc1a a organizat \u00een Sala Sporturilor &#8216;Traian&#8217; evenimentul de premiere dedicat copiilor \u0219i juniorilor angrena\u021bi \u00een cadrul clubului. Cu aceast\u0103 ocazie, au fost oferite surprize dulci celor peste 500 de copii legitima\u021bi la sec\u021biile clubului, dintre care peste 150 de fete la sec\u021bia de handbal \u0219i peste 350&#8230; <\/p>\n<div class=\"clear\"><\/div>\n<p><a href=\"http:\/\/scmrmvalcea.ro\/scm\/2025\/12\/24\/mos-craciun-a-venit-pentru-cei-500-de-copii-legitimati-la-club\/\" class=\"excerpt-read-more\">Read More<\/a><\/p>\n","protected":false},"author":1,"featured_media":6308,"comment_status":"closed","ping_status":"closed","sticky":false,"template":"","format":"standard","meta":{"footnotes":""},"categories":[63],"tags":[83],"class_list":["post-6307","post","type-post","status-publish","format-standard","has-post-thumbnail","hentry","category-comunicate","tag-scm-ramnicu-valcea"],"aioseo_notices":[],"_links":{"self":[{"href":"http:\/\/scmrmvalcea.ro\/scm\/wp-json\/wp\/v2\/posts\/6307","targetHints":{"allow":["GET"]}}],"collection":[{"href":"http:\/\/scmrmvalcea.ro\/scm\/wp-json\/wp\/v2\/posts"}],"about":[{"href":"http:\/\/scmrmvalcea.ro\/scm\/wp-json\/wp\/v2\/types\/post"}],"author":[{"embeddable":true,"href":"http:\/\/scmrmvalcea.ro\/scm\/wp-json\/wp\/v2\/users\/1"}],"replies":[{"embeddable":true,"href":"http:\/\/scmrmvalcea.ro\/scm\/wp-json\/wp\/v2\/comments?post=6307"}],"version-history":[{"count":1,"href":"http:\/\/scmrmvalcea.ro\/scm\/wp-json\/wp\/v2\/posts\/6307\/revisions"}],"predecessor-version":[{"id":6310,"href":"http:\/\/scmrmvalcea.ro\/scm\/wp-json\/wp\/v2\/posts\/6307\/revisions\/6310"}],"wp:featuredmedia":[{"embeddable":true,"href":"http:\/\/scmrmvalcea.ro\/scm\/wp-json\/wp\/v2\/media\/6308"}],"wp:attachment":[{"href":"http:\/\/scmrmvalcea.ro\/scm\/wp-json\/wp\/v2\/media?parent=6307"}],"wp:term":[{"taxonomy":"category","embeddable":true,"href":"http:\/\/scmrmvalcea.ro\/scm\/wp-json\/wp\/v2\/categories?post=6307"},{"taxonomy":"post_tag","embeddable":true,"href":"http:\/\/scmrmvalcea.ro\/scm\/wp-json\/wp\/v2\/tags?post=6307"}],"curies":[{"name":"wp","href":"https:\/\/api.w.org\/{rel}","templated":true}]}}